{"id":3092,"date":"2024-12-05T14:03:23","date_gmt":"2024-12-05T13:03:23","guid":{"rendered":"https:\/\/fg.bsg.tu-berlin.de\/?p=3092"},"modified":"2024-12-05T14:03:23","modified_gmt":"2024-12-05T13:03:23","slug":"neue-fachgebietsleiterin","status":"publish","type":"post","link":"https:\/\/fg.bsg.tu-berlin.de\/en\/neue-fachgebietsleiterin\/","title":{"rendered":"Neue Fachgebietsleiterin"},"content":{"rendered":"<p>Wir freuen uns, Prof. Dr. phil. Ursula Quatember als Fachgebietsleiterin zu begr\u00fc\u00dfen.<br \/><br \/>Seit dem Wintersemester 2023 vertritt sie die Professur am Fachgebiet f\u00fcr Bau- und Stadtbaugeschichte.<\/p>","protected":false},"excerpt":{"rendered":"<p>Wir freuen uns, Prof. Dr. phil. Ursula Quatember als Fachgebietsleiterin zu begr\u00fc\u00dfen.Seit dem Wintersemester 2023 vertritt sie die Professur am Fachgebiet f\u00fcr Bau- und Stadtbaugeschichte.<\/p>","protected":false},"author":1,"featured_media":0,"comment_status":"closed","ping_status":"closed","sticky":false,"template":"","format":"standard","meta":[],"categories":[1],"tags":[],"_links":{"self":[{"href":"https:\/\/fg.bsg.tu-berlin.de\/en\/wp-json\/wp\/v2\/posts\/3092"}],"collection":[{"href":"https:\/\/fg.bsg.tu-berlin.de\/en\/wp-json\/wp\/v2\/posts"}],"about":[{"href":"https:\/\/fg.bsg.tu-berlin.de\/en\/wp-json\/wp\/v2\/types\/post"}],"author":[{"embeddable":true,"href":"https:\/\/fg.bsg.tu-berlin.de\/en\/wp-json\/wp\/v2\/users\/1"}],"replies":[{"embeddable":true,"href":"https:\/\/fg.bsg.tu-berlin.de\/en\/wp-json\/wp\/v2\/comments?post=3092"}],"version-history":[{"count":2,"href":"https:\/\/fg.bsg.tu-berlin.de\/en\/wp-json\/wp\/v2\/posts\/3092\/revisions"}],"predecessor-version":[{"id":3095,"href":"https:\/\/fg.bsg.tu-berlin.de\/en\/wp-json\/wp\/v2\/posts\/3092\/revisions\/3095"}],"wp:attachment":[{"href":"https:\/\/fg.bsg.tu-berlin.de\/en\/wp-json\/wp\/v2\/media?parent=3092"}],"wp:term":[{"taxonomy":"category","embeddable":true,"href":"https:\/\/fg.bsg.tu-berlin.de\/en\/wp-json\/wp\/v2\/categories?post=3092"},{"taxonomy":"post_tag","embeddable":true,"href":"https:\/\/fg.bsg.tu-berlin.de\/en\/wp-json\/wp\/v2\/tags?post=3092"}],"curies":[{"name":"wp","href":"https:\/\/api.w.org\/{rel}","templated":true}]}}