{"id":2953,"date":"2023-03-23T16:15:44","date_gmt":"2023-03-23T15:15:44","guid":{"rendered":"https:\/\/fg.bsg.tu-berlin.de\/?p=2953"},"modified":"2023-03-30T11:32:04","modified_gmt":"2023-03-30T09:32:04","slug":"sose-23-die-bauten-und-mahnmalsorte-der-ns-zeit","status":"publish","type":"post","link":"https:\/\/fg.bsg.tu-berlin.de\/en\/sose-23-die-bauten-und-mahnmalsorte-der-ns-zeit\/","title":{"rendered":"SoSe 23: Die Bauten und Mahnmalsorte der NS-Zeit"},"content":{"rendered":"<p><!--more--><\/p>\n<p>Die Zeit des Nationalsozialismus hat in Berlin als ehemaliger Reichshauptstadt zahlreiche Spuren hinterlassen. Solche Spuren werden wir an Geb\u00e4uden besichtigen, um zentralen Aspekten des NS-Systems nachzugehen und kritisch zu diskutieren:<br \/>\nWas sind charakteristische Merkmale einer,,Nazi-Architektur&#8220;? Wie ging man seit 1945 mit NS-Architektur um? Welchen Einfluss hatte die allgemeine Aufarbeitung und Vergangenheitsbew\u00e4ltigung des Dritten Reichs seit 1945 auf die Denkmaldiskussion? Wie ver\u00e4nderte sich der Umgang mit NS-Bauten im Laufe der Geschichte und warum? Mahnmale sind zentrale Orte der Erinnerung. Sie zeigen, wie in welchem Umfang und mit welcher Intensit\u00e4t eine Gesellschaft sich mit ihrer Geschichte auseinandersetzt und haben als Lernorte eine wichtige gesellschaftliche Funktion. Zugleich enthalten sie einen Vers\u00f6hnungsanteil durch Verarbeitung und nicht Verdr\u00e4ngung.<\/p>\n<p>Das Seminar wird als Blockseminar und Exkursionswoche (27.6-30.6.2023) stattfinden. Besichtigt werden Geb\u00e4ude der NS-Zeit und Mahnmale in Berlin. Die Exkursionsseminar endet im Konzentrationslager Ravensbr\u00fcck, heute eine Mahn- und Gedenkst\u00e4tte.<\/p>\n<p>&nbsp;<\/p>\n<p>Ort: A 505<br \/>\nDie, 12:00-14:00 Uhr<br \/>\n1. Veranstaltung: 25.04.2023<\/p>\n<p>Studieng\u00e4nge: BAA, MAA, <span style=\"color: #333333;\"><span lang=\"DE\">MAHBD<\/span><\/span><br \/>\nModul: Baugeschichte-Ph\u00e4nomene, Episoden, Konsequenzen I-II SEM 2SWS 3LP<br \/>\nBetreuer*innen: Dr.-Ing. habil. Katherina Brichetti<br \/>\nTeilnehmerzahl: 30<\/p>\n<p><span style=\"color: #ff0000;\"><strong><span lang=\"DE\">Bitte melden Sie sich auf dieser\u00a0<a style=\"color: #ff0000;\" href=\"https:\/\/isis.tu-berlin.de\/course\/view.php?id=32860\">ISIS-Seite<\/a>\u00a0an.<br \/>\nBitte melden Sie sich auch an \u00fcber MOSES an: 61342#1 (BAA) ; 61420#1 (MAA, MAHBD)<\/span><\/strong><\/span><\/p>\n<p>&nbsp;<\/p>","protected":false},"excerpt":{"rendered":"<p>Die Zeit des Nationalsozialismus hat in Berlin als ehemaliger Reichshauptstadt zahlreiche Spuren hinterlassen. Solche Spuren werden wir an Geb\u00e4uden besichtigen, um zentralen Aspekten des NS-Systems nachzugehen und kritisch zu diskutieren: Was sind charakteristische Merkmale einer,,Nazi-Architektur&#8220;? Wie ging man seit 1945 mit NS-Architektur um? Welchen Einfluss hatte die allgemeine Aufarbeitung und Vergangenheitsbew\u00e4ltigung des Dritten Reichs seit [&hellip;]<\/p>","protected":false},"author":1,"featured_media":2954,"comment_status":"closed","ping_status":"closed","sticky":false,"template":"","format":"standard","meta":[],"categories":[1,11,6,14],"tags":[],"_links":{"self":[{"href":"https:\/\/fg.bsg.tu-berlin.de\/en\/wp-json\/wp\/v2\/posts\/2953"}],"collection":[{"href":"https:\/\/fg.bsg.tu-berlin.de\/en\/wp-json\/wp\/v2\/posts"}],"about":[{"href":"https:\/\/fg.bsg.tu-berlin.de\/en\/wp-json\/wp\/v2\/types\/post"}],"author":[{"embeddable":true,"href":"https:\/\/fg.bsg.tu-berlin.de\/en\/wp-json\/wp\/v2\/users\/1"}],"replies":[{"embeddable":true,"href":"https:\/\/fg.bsg.tu-berlin.de\/en\/wp-json\/wp\/v2\/comments?post=2953"}],"version-history":[{"count":4,"href":"https:\/\/fg.bsg.tu-berlin.de\/en\/wp-json\/wp\/v2\/posts\/2953\/revisions"}],"predecessor-version":[{"id":3005,"href":"https:\/\/fg.bsg.tu-berlin.de\/en\/wp-json\/wp\/v2\/posts\/2953\/revisions\/3005"}],"wp:featuredmedia":[{"embeddable":true,"href":"https:\/\/fg.bsg.tu-berlin.de\/en\/wp-json\/wp\/v2\/media\/2954"}],"wp:attachment":[{"href":"https:\/\/fg.bsg.tu-berlin.de\/en\/wp-json\/wp\/v2\/media?parent=2953"}],"wp:term":[{"taxonomy":"category","embeddable":true,"href":"https:\/\/fg.bsg.tu-berlin.de\/en\/wp-json\/wp\/v2\/categories?post=2953"},{"taxonomy":"post_tag","embeddable":true,"href":"https:\/\/fg.bsg.tu-berlin.de\/en\/wp-json\/wp\/v2\/tags?post=2953"}],"curies":[{"name":"wp","href":"https:\/\/api.w.org\/{rel}","templated":true}]}}