{"id":2353,"date":"2021-05-17T13:25:40","date_gmt":"2021-05-17T11:25:40","guid":{"rendered":"https:\/\/fg.bsg.tu-berlin.de\/?p=2353"},"modified":"2022-03-02T17:18:30","modified_gmt":"2022-03-02T16:18:30","slug":"berliner-architektinnen-oral-history","status":"publish","type":"post","link":"https:\/\/fg.bsg.tu-berlin.de\/en\/berliner-architektinnen-oral-history\/","title":{"rendered":"Berliner Architekt*innen. Oral History"},"content":{"rendered":"<p><!--more--><\/p>\n<p><strong>Berliner Architekt*innen. Oral History ist Teil der Ausstellung [FRAU] ARCHITEKT*IN, die von der Architektenkammer Berlin, dem Institut f\u00fcr Architektur (TU Berlin) und dem Architekturmuseum (TU Berlin) in Kooperation mit BHROX bauhaus reuse, Ernst-Reuter-Platz, veranstaltet wird.<\/strong><\/p>\n<p><strong>[FRAU] ARCHITEKT*IN ist vom 3. Juni bis 8. Juli 2021 im bauhaus reuse Pavillon, Ernst-Reuter-Platz, Berlin, zu sehen.<\/strong><\/p>\n<p><strong>\u00a0<\/strong><\/p>\n<p>Wie gestalten Architektinnen ihre Berufswege? Auf welche Stereotypen und Diskriminierungen sto\u00dfen sie dabei nach wie vor? Wie ver\u00e4ndert sich das Berufsbild der Architektin und des Architekten durch die st\u00e4rker werdende Pr\u00e4senz von Frauen insgesamt, und wie viel gibt es noch zu tun? In Oral History Interviews beschreiben 26 Architektinnen wie sie auf ihren Wegen die urspr\u00fcnglichen, m\u00e4nnlich dominierten Rollenbilder in Architektur und Gesellschaft hinterfragt, ausgeh\u00f6hlt und zum Teil hinter sich gelassen haben. So haben sie in den professionellen Strukturen Raum gefunden, um sich, ihr Talent und ihre Stimme einzubringen.<\/p>\n<p>Oral History ist eine Methode der Geschichtswissenschaft, die die Quellenbasis \u00fcber allgemein bekannte Fakten und herausragende Pers\u00f6nlichkeiten hinaus erweitert und allen Zeitzeug*innen eine Stimme gibt. Vertreterinnen einer breiten Architektinnenschaft kommen hier zu Wort. Die Ausstellung ist Ergebnis zweier aufeinanderfolgender Seminare am Fachgebiet Bau- und Stadtbaugeschichte, Institut f\u00fcr Architektur, TU Berlin und wurde von der Architektenkammer Berlin unterst\u00fctzt.<\/p>\n<p>Auf dem gro\u00dfen Bildschirm ist ein Zusammenschnitt der Interviews zu sehen. \u00dcber QR-Codes k\u00f6nnen die Interviews der einzelnen Architektinnen mit dem Smartphone aufgerufen werden. Zum Ausstellungsteil erscheint ein Katalog (freier Download \u2013 link in Vorbereitung).<\/p>\n<p>&nbsp;<\/p>\n<p><strong>Bitte klicken Sie auf die Links, um die Filme anzuschauen<br \/>\n<\/strong><\/p>\n<p><a href=\"https:\/\/youtu.be\/bTHuTSLqgFY\">\u00dcbergreifender Film 20 min<\/a><\/p>\n<p><a href=\"https:\/\/youtu.be\/Vkpx9DH1A9o\">\u00dcbergreifender Film 7 min<\/a><\/p>\n<p><a href=\"https:\/\/youtu.be\/NVSWTr8tdls\">SUSANNE BELLINGHAUSEN<\/a><\/p>\n<p><a href=\"https:\/\/youtu.be\/zQVQT3Fh8H8\">RITA BRAND<\/a><\/p>\n<p><a href=\"https:\/\/youtu.be\/dP-HgfFm6dY\">BENITA BRAUN-FELDWEG<\/a><\/p>\n<p><a href=\"https:\/\/youtu.be\/7uYkaM0TFz8\">INKEN B\u00dcHRING<\/a><\/p>\n<p><a href=\"https:\/\/youtu.be\/C0zCgAZmGMg\">GABRIELE DIETRICH<\/a><\/p>\n<p><a href=\"https:\/\/youtu.be\/NdmZN49RkT0\">ELKE DUDA<\/a><\/p>\n<p><a href=\"https:\/\/youtu.be\/kmhz09JGTBw\">MARTINA GROSS-GEORGI<\/a><\/p>\n<p><a href=\"https:\/\/youtu.be\/Wg8qHdKZo40\">BARBARA HOIDN<\/a><\/p>\n<p><a href=\"https:\/\/youtu.be\/fLXFL6zeVoM\">CHRISTINE JACHMANN<\/a><\/p>\n<p><a href=\"https:\/\/youtu.be\/1vhQWTId13M\">THERESA KEILHACKER<\/a><\/p>\n<p><a href=\"https:\/\/youtu.be\/lR3WzR0FrhI\">LUISE KING<\/a><\/p>\n<p><a href=\"https:\/\/youtu.be\/A6TKR7pNMX0\">STEPHANIE KLOSS<\/a><\/p>\n<p><a href=\"https:\/\/youtu.be\/IN0aNaxm_Cg\">BETTINA KRAUS<\/a><\/p>\n<p><a href=\"https:\/\/youtu.be\/L9CD9rJdlx8\">ANNE LAMPEN<\/a><\/p>\n<p><a href=\"https:\/\/youtu.be\/8SKgTjRzk7A\">REGINE LEIBINGER<\/a><\/p>\n<p><a href=\"https:\/\/youtu.be\/n9cve8tLRls\">FELICITAS MOSSMANN<\/a><\/p>\n<p><a href=\"https:\/\/youtu.be\/_KrQVNpX0BE\">CHRISTINA NAGEL<\/a><\/p>\n<p><a href=\"https:\/\/youtu.be\/7KV6oCRswT8\">ELLEN NAUSESTER<\/a><\/p>\n<p><a href=\"https:\/\/youtu.be\/9sZ4xCgaoO4\">SARAH PERACKIS<\/a><\/p>\n<p><a href=\"https:\/\/youtu.be\/MxWKGRtZv8g\">MARGIT RENATUS<\/a><\/p>\n<p><a href=\"https:\/\/youtu.be\/Mm_Wy8Qv6zw\">CAROLA SCH\u00c4FERS<\/a><\/p>\n<p><a href=\"https:\/\/youtu.be\/sUUldjw2gJg\">BIRGIT SCH\u00dcRMANN<\/a><\/p>\n<p><a href=\"https:\/\/youtu.be\/gtDkvAYxG94\">KIRSTIE SMEATON<\/a><\/p>\n<p><a href=\"https:\/\/youtu.be\/0h_RlVz5s-s\">CONSTANZE TIBES<\/a><\/p>\n<p><a href=\"https:\/\/youtu.be\/aU8_9MFRnRI\">ARIANE WIEGNER<\/a><\/p>\n<p><a href=\"https:\/\/youtu.be\/1GEGuvS1BCU\">KARIN WINTERER<\/a><\/p>\n<p>&nbsp;<\/p>\n<p>&nbsp;<\/p>\n<p>&nbsp;<\/p>\n<p><strong>Lehrende:<\/strong><\/p>\n<p>Sarah Rivi\u00e8re<\/p>\n<p>Hermann Schlimme<\/p>\n<p>&nbsp;<\/p>\n<p><strong>Gastkritikerinnen:<\/strong><\/p>\n<p>Hille Bekic<\/p>\n<p>Martina Gro\u00df-Georgi<\/p>\n<p>Ariane Wiegner<\/p>\n<p>&nbsp;<\/p>\n<p><strong>Tutor*innen:<\/strong><\/p>\n<p>Mirka Bergk<\/p>\n<p>Marcus Matznick<\/p>\n<p>Esin Mehmet<\/p>\n<p>Thalia Staschok<\/p>\n<p>&nbsp;<\/p>\n<p><strong>Student*innen<\/strong><\/p>\n<p><strong>Wintersemester 19 | 20<\/strong><\/p>\n<p>Dayana Adzkemova<\/p>\n<p>Kristina Baierl<\/p>\n<p>Jasmina Br\u00fcschke<\/p>\n<p>Delfina Capiglioni<\/p>\n<p>Leonardo Freitag<\/p>\n<p>Nelli Fritzeler<\/p>\n<p>Linda Gehrenbeck<\/p>\n<p>Dana Haddad<\/p>\n<p>Helene Herrmann<\/p>\n<p>Daria Hutanu<\/p>\n<p>Lea Lackner<\/p>\n<p>Emanuel Lucke<\/p>\n<p>Katrina Malinski<\/p>\n<p>Esin Mehmed<\/p>\n<p>Madelief Nobelen<\/p>\n<p>Marta Ordinas Mestre<\/p>\n<p>Milana Poggensee<\/p>\n<p>Justine Rognon<\/p>\n<p>Angelina Thierer<\/p>\n<p>No\u00e9mie Tschabold<\/p>\n<p>Francesca Turi<\/p>\n<p>Paula Urig-Schon<\/p>\n<p>Janina Valentin<\/p>\n<p>Grietje Van Bentum<\/p>\n<p>Alessandra Zagorny<\/p>\n<p>&nbsp;<\/p>\n<p><strong>Student*innen<\/strong><\/p>\n<p><strong>Sommersemester 20<\/strong><\/p>\n<p>Ladina B\u00fcrgisser<\/p>\n<p>Cheng Chi<\/p>\n<p>Dana Haddad<\/p>\n<p>Lara Jensen<\/p>\n<p>Jule J\u00fcnger<\/p>\n<p>Woojung Kim<\/p>\n<p>Bassel Korani<\/p>\n<p>Dandi Liu<\/p>\n<p>Stella Loewer<\/p>\n<p>Huiyan Long<\/p>\n<p>Emanuel Lucke<\/p>\n<p>Katrina Malinski<\/p>\n<p>Elise-Phuong Ha Nguyen<\/p>\n<p>Katjuschka Owusu<\/p>\n<p>Lina Pleyer<\/p>\n<p>Anatol Rettberg<\/p>\n<p>Iman Saifo<\/p>\n<p>Hannah Steinborn<\/p>\n<p>Mailies Stichling<\/p>\n<p>No\u00e9mie Tschabold<\/p>\n<p>Paula Urig-Schon<\/p>\n<p>Grietje van Bentum<\/p>\n<p>Sina Wendl<\/p>","protected":false},"excerpt":{"rendered":"<p>Berliner Architekt*innen. Oral History ist Teil der Ausstellung [FRAU] ARCHITEKT*IN, die von der Architektenkammer Berlin, dem Institut f\u00fcr Architektur (TU Berlin) und dem Architekturmuseum (TU Berlin) in Kooperation mit BHROX bauhaus reuse, Ernst-Reuter-Platz, veranstaltet wird. [FRAU] ARCHITEKT*IN ist vom 3. Juni bis 8. Juli 2021 im bauhaus reuse Pavillon, Ernst-Reuter-Platz, Berlin, zu sehen. \u00a0 Wie [&hellip;]<\/p>","protected":false},"author":1,"featured_media":1826,"comment_status":"closed","ping_status":"closed","sticky":true,"template":"","format":"standard","meta":[],"categories":[17],"tags":[],"_links":{"self":[{"href":"https:\/\/fg.bsg.tu-berlin.de\/en\/wp-json\/wp\/v2\/posts\/2353"}],"collection":[{"href":"https:\/\/fg.bsg.tu-berlin.de\/en\/wp-json\/wp\/v2\/posts"}],"about":[{"href":"https:\/\/fg.bsg.tu-berlin.de\/en\/wp-json\/wp\/v2\/types\/post"}],"author":[{"embeddable":true,"href":"https:\/\/fg.bsg.tu-berlin.de\/en\/wp-json\/wp\/v2\/users\/1"}],"replies":[{"embeddable":true,"href":"https:\/\/fg.bsg.tu-berlin.de\/en\/wp-json\/wp\/v2\/comments?post=2353"}],"version-history":[{"count":12,"href":"https:\/\/fg.bsg.tu-berlin.de\/en\/wp-json\/wp\/v2\/posts\/2353\/revisions"}],"predecessor-version":[{"id":2402,"href":"https:\/\/fg.bsg.tu-berlin.de\/en\/wp-json\/wp\/v2\/posts\/2353\/revisions\/2402"}],"wp:featuredmedia":[{"embeddable":true,"href":"https:\/\/fg.bsg.tu-berlin.de\/en\/wp-json\/wp\/v2\/media\/1826"}],"wp:attachment":[{"href":"https:\/\/fg.bsg.tu-berlin.de\/en\/wp-json\/wp\/v2\/media?parent=2353"}],"wp:term":[{"taxonomy":"category","embeddable":true,"href":"https:\/\/fg.bsg.tu-berlin.de\/en\/wp-json\/wp\/v2\/categories?post=2353"},{"taxonomy":"post_tag","embeddable":true,"href":"https:\/\/fg.bsg.tu-berlin.de\/en\/wp-json\/wp\/v2\/tags?post=2353"}],"curies":[{"name":"wp","href":"https:\/\/api.w.org\/{rel}","templated":true}]}}